{"id":1800,"date":"2026-08-31T15:56:47","date_gmt":"2026-08-31T15:56:47","guid":{"rendered":"https:\/\/airafisioterapia.com\/casco-cabeza-plana-bebe\/"},"modified":"2026-08-31T17:28:13","modified_gmt":"2026-08-31T17:28:13","slug":"casco-cabeza-plana-bebe","status":"publish","type":"post","link":"https:\/\/airafisioterapia.com\/ca\/casco-cabeza-plana-bebe\/","title":{"rendered":"\u00bfSirve el casco para la cabeza plana del beb\u00e9? Qu\u00e9 dice el ensayo que lo puso a prueba"},"content":{"rendered":"<p>Llegas a la consulta con la cabeza de tu beb\u00e9 aplanada de un lado, alguien menciona la palabra casco, y de repente est\u00e1s mirando presupuestos de varios miles de euros mientras te preguntas si est\u00e1s haciendo lo correcto o si te est\u00e1s dejando llevar por el miedo.<\/p>\n<p>Hay un ensayo cl\u00ednico que responde justo a esa pregunta, y su resultado es inc\u00f3modo para quien vende cascos.<\/p>\n<h2>Qu\u00e9 es el casco<\/h2>\n<p>Una \u00f3rtesis craneal: un casco r\u00edgido hecho a medida que deja espacio libre donde se quiere que el cr\u00e1neo crezca y apoya donde no. Se lleva alrededor de <strong>23 horas al d\u00eda<\/strong> durante varios meses, normalmente entre los 5 y los 12 meses de edad, que es cuando el cr\u00e1neo a\u00fan tiene margen para remodelarse.<\/p>\n<h2>El ensayo que lo puso a prueba<\/h2>\n<div class=\"aira-img-mini\">\n<div class=\"aira-marco\"><img loading=\"lazy\" src=\"https:\/\/airafisioterapia.com\/wp-content\/uploads\/2026\/08\/aira-b33-casco-2.jpg\" alt=\"Manta de beb\u00e9 doblada con la marca de la cabeza\" width=\"580\" height=\"580\" decoding=\"async\"><\/div>\n<\/div>\n<p>En 2014 se public\u00f3 en el <em>BMJ<\/em> un ensayo cl\u00ednico aleatorizado con <strong>84 beb\u00e9s<\/strong> de 5 y 6 meses que ten\u00edan un aplanamiento craneal moderado o grave. A la mitad se les puso casco; a la otra mitad se les dej\u00f3 evolucionar de forma natural. Se les sigui\u00f3 hasta los dos a\u00f1os.<\/p>\n<p>El resultado:<\/p>\n<ul>\n<li><strong>Recuperaci\u00f3n completa con casco: 26 %.<\/strong><\/li>\n<li><strong>Recuperaci\u00f3n completa sin hacer nada: 23 %.<\/strong><\/li>\n<\/ul>\n<p>La diferencia no fue estad\u00edsticamente significativa. Dicho en cristiano: <strong>a los dos a\u00f1os, los beb\u00e9s que llevaron casco no estaban mejor que los que no lo llevaron<\/strong>.<\/p>\n<p>Y hay un segundo dato que conviene tener delante: <strong>todos los padres del grupo del casco refirieron alg\u00fan efecto molesto<\/strong> \u2014 irritaci\u00f3n de la piel, olor, sudor, dificultad para abrazar al beb\u00e9 con normalidad, y el coste.<\/p>\n<div class=\"aira-nota\">\n<p><strong>Un ensayo no es la \u00faltima palabra.<\/strong> Ese estudio tiene sus l\u00edmites: excluy\u00f3 los casos m\u00e1s extremos y a los beb\u00e9s con tort\u00edcolis grave sin tratar, y una parte de los padres no cumpli\u00f3 el tratamiento al cien por cien. No demuestra que el casco no sirva <em>nunca<\/em>. Lo que s\u00ed demuestra es que, en un aplanamiento postural moderado o grave a los 5-6 meses, no se puede prometer que vaya a cambiar el resultado a los dos a\u00f1os.<\/p>\n<\/div>\n<h2>Entonces, \u00bfqu\u00e9 se hace?<\/h2>\n<p>Lo que s\u00ed tiene respaldo es lo aburrido y lo barato, y adem\u00e1s funciona mejor cuanto antes se empiece:<\/p>\n<ul>\n<li><strong>Cambiar la posici\u00f3n de la cabeza durante el sue\u00f1o<\/strong>, alternando el lado hacia el que mira, siempre <strong>boca arriba<\/strong> para dormir.<\/li>\n<li><strong>Tiempo boca abajo despierto y vigilado.<\/strong> En un estudio prospectivo, hacer menos de tres ratos al d\u00eda fue un factor de riesgo de aplanamiento a las siete semanas.<\/li>\n<li><strong>Menos horas en superficies duras<\/strong>: hamaca, carro, silla del coche fuera del coche.<\/li>\n<li><strong>Tratar la tort\u00edcolis si la hay.<\/strong> Esto es lo m\u00e1s importante de la lista y lo que m\u00e1s se pasa por alto: si el beb\u00e9 gira siempre hacia el mismo lado porque no puede hacerlo hacia el otro, ninguna medida postural va a funcionar mientras eso no se resuelva.<\/li>\n<\/ul>\n<h2>Un matiz que casi nadie menciona<\/h2>\n<p>El aplanamiento postural es, sobre todo, <strong>un problema est\u00e9tico<\/strong>. No hay evidencia de que afecte al desarrollo cerebral, a la visi\u00f3n ni a la audici\u00f3n. Y la mayor\u00eda de los casos mejora de forma clara durante el primer y el segundo a\u00f1o, con casco o sin \u00e9l, aunque no siempre desaparezca del todo.<\/p>\n<p>Eso no significa que no importe: importa, y a los padres les preocupa con raz\u00f3n. Pero cambia bastante la urgencia con la que se toma la decisi\u00f3n.<\/p>\n<h2>\u00bfY el precio?<\/h2>\n<p>El casco es un <strong>producto privado<\/strong>: no lo cubre la sanidad p\u00fablica y el precio var\u00eda mucho seg\u00fan el fabricante y el centro. Antes de decidir, merece la pena preguntar tres cosas concretas: qu\u00e9 incluye exactamente el presupuesto (revisiones y ajustes suelen ir aparte), cu\u00e1ntos meses de uso se estiman, y qu\u00e9 pasa si a mitad de tratamiento el beb\u00e9 ya no lo necesita.<\/p>\n<p>Y una recomendaci\u00f3n que damos siempre: <strong>pide una segunda opini\u00f3n a alguien que no venda el casco.<\/strong><\/p>\n<h2>Cu\u00e1ndo consultar<\/h2>\n<p>Cuanto antes, mejor: entre los 2 y los 4 meses el margen de mejora con medidas posturales es mucho mayor que a los 8. Consulta si ves una zona claramente aplanada, una oreja desplazada hacia delante, la frente asim\u00e9trica, o si el beb\u00e9 gira siempre la cabeza hacia el mismo lado.<\/p>\n<div class=\"aira-post-cta\">\n<p class=\"t\">\u00bfTe han hablado de un casco y no sabes qu\u00e9 hacer?<\/p>\n<p class=\"s\">Valoramos si hay tort\u00edcolis detr\u00e1s, en qu\u00e9 punto est\u00e1 el aplanamiento y qu\u00e9 margen queda con medidas posturales. Si creemos que hace falta derivar, te lo decimos. No vendemos cascos.<\/p>\n<p><a href=\"\/ca\/fisioterapia\/fisioterapia-pediatrica\/\">Ver fisioterapia pedi\u00e1trica<\/a><\/p>\n<\/div>\n<p>Si vives lejos o solo quieres una primera orientaci\u00f3n, tambi\u00e9n lo vemos por <a href=\"\/ca\/fisioterapia\/fisioterapia-pediatrica\/asesoria-online\/\">videollamada<\/a> con unas fotos de la cabeza desde arriba.<\/p>\n<div class=\"aira-ref\">\n<h2>Referencias<\/h2>\n<ol>\n<li>van Wijk RM, van Vlimmeren LA, Groothuis-Oudshoorn CGM, Van der Ploeg CPB, IJzerman MJ, Boere-Boonekamp MM. <em>Helmet therapy in infants with positional skull deformation: randomised controlled trial<\/em>. BMJ. 2014;348:g2741. doi.org\/10.1136\/bmj.g2741<\/li>\n<li>van Vlimmeren LA, van der Graaf Y, Boere-Boonekamp MM, LHoir MP, Helders PJM, Engelbert RHH. <em>Risk Factors for Deformational Plagiocephaly at Birth and at 7 Weeks of Age: A Prospective Cohort Study<\/em>. Pediatrics. 2007;119(2):e408-e418. doi.org\/10.1542\/peds.2006-2012<\/li>\n<li>Laughlin J, Luerssen TG, Dias MS; Committee on Practice and Ambulatory Medicine, Section on Neurological Surgery. <em>Prevention and Management of Positional Skull Deformities in Infants<\/em>. Pediatrics. 2011;128(6):1236-1241. doi.org\/10.1542\/peds.2011-2220<\/li>\n<li>Moon RY, Carlin RF, Hand I; Task Force on Sudden Infant Death Syndrome. <em>Sleep-Related Infant Deaths: Updated 2022 Recommendations for Reducing Infant Deaths in the Sleep Environment<\/em>. Pediatrics. 2022;150(1):e2022057990. doi.org\/10.1542\/peds.2022-057990<\/li>\n<li>Sargent B, Kaplan SL, Coulter C, Baker C. <em>Congenital Muscular Torticollis: Clinical Practice Guideline 2024<\/em>. Pediatr Phys Ther. 2024;36(4):370-421.<\/li>\n<\/ol>\n<\/div>","protected":false},"excerpt":{"rendered":"<p>Un ensayo del BMJ compar\u00f3 el casco con dejar que la cabeza evolucione sola: 26 % frente a 23 % de recuperaci\u00f3n completa. Qu\u00e9 significa eso y qu\u00e9 s\u00ed funciona.<\/p>","protected":false},"author":1,"featured_media":1808,"comment_status":"closed","ping_status":"closed","sticky":false,"template":"","format":"standard","meta":{"site-sidebar-layout":"default","site-content-layout":"","ast-site-content-layout":"default","site-content-style":"default","site-sidebar-style":"default","ast-global-header-display":"","ast-banner-title-visibility":"","ast-main-header-display":"","ast-hfb-above-header-display":"","ast-hfb-below-header-display":"","ast-hfb-mobile-header-display":"","site-post-title":"","ast-breadcrumbs-content":"","ast-featured-img":"","footer-sml-layout":"","ast-disable-related-posts":"","theme-transparent-header-meta":"","adv-header-id-meta":"","stick-header-meta":"","header-above-stick-meta":"","header-main-stick-meta":"","header-below-stick-meta":"","astra-migrate-meta-layouts":"default","ast-page-background-enabled":"default","ast-page-background-meta":{"desktop":{"background-color":"var(--ast-global-color-5)","background-image":"","background-repeat":"repeat","background-position":"center center","background-size":"auto","background-attachment":"scroll","background-type":"","background-media":"","overlay-type":"","overlay-color":"","overlay-opacity":"","overlay-gradient":""},"tablet":{"background-color":"","background-image":"","background-repeat":"repeat","background-position":"center center","background-size":"auto","background-attachment":"scroll","background-type":"","background-media":"","overlay-type":"","overlay-color":"","overlay-opacity":"","overlay-gradient":""},"mobile":{"background-color":"","background-image":"","background-repeat":"repeat","background-position":"center center","background-size":"auto","background-attachment":"scroll","background-type":"","background-media":"","overlay-type":"","overlay-color":"","overlay-opacity":"","overlay-gradient":""}},"ast-content-background-meta":{"desktop":{"background-color":"var(--ast-global-color-4)","background-image":"","background-repeat":"repeat","background-position":"center center","background-size":"auto","background-attachment":"scroll","background-type":"","background-media":"","overlay-type":"","overlay-color":"","overlay-opacity":"","overlay-gradient":""},"tablet":{"background-color":"var(--ast-global-color-4)","background-image":"","background-repeat":"repeat","background-position":"center center","background-size":"auto","background-attachment":"scroll","background-type":"","background-media":"","overlay-type":"","overlay-color":"","overlay-opacity":"","overlay-gradient":""},"mobile":{"background-color":"var(--ast-global-color-4)","background-image":"","background-repeat":"repeat","background-position":"center center","background-size":"auto","background-attachment":"scroll","background-type":"","background-media":"","overlay-type":"","overlay-color":"","overlay-opacity":"","overlay-gradient":""}},"footnotes":""},"categories":[13],"tags":[],"class_list":["post-1800","post","type-post","status-publish","format-standard","has-post-thumbnail","hentry","category-pediatria"],"_links":{"self":[{"href":"https:\/\/airafisioterapia.com\/ca\/wp-json\/wp\/v2\/posts\/1800","targetHints":{"allow":["GET"]}}],"collection":[{"href":"https:\/\/airafisioterapia.com\/ca\/wp-json\/wp\/v2\/posts"}],"about":[{"href":"https:\/\/airafisioterapia.com\/ca\/wp-json\/wp\/v2\/types\/post"}],"author":[{"embeddable":true,"href":"https:\/\/airafisioterapia.com\/ca\/wp-json\/wp\/v2\/users\/1"}],"replies":[{"embeddable":true,"href":"https:\/\/airafisioterapia.com\/ca\/wp-json\/wp\/v2\/comments?post=1800"}],"version-history":[{"count":1,"href":"https:\/\/airafisioterapia.com\/ca\/wp-json\/wp\/v2\/posts\/1800\/revisions"}],"predecessor-version":[{"id":1837,"href":"https:\/\/airafisioterapia.com\/ca\/wp-json\/wp\/v2\/posts\/1800\/revisions\/1837"}],"wp:featuredmedia":[{"embeddable":true,"href":"https:\/\/airafisioterapia.com\/ca\/wp-json\/wp\/v2\/media\/1808"}],"wp:attachment":[{"href":"https:\/\/airafisioterapia.com\/ca\/wp-json\/wp\/v2\/media?parent=1800"}],"wp:term":[{"taxonomy":"category","embeddable":true,"href":"https:\/\/airafisioterapia.com\/ca\/wp-json\/wp\/v2\/categories?post=1800"},{"taxonomy":"post_tag","embeddable":true,"href":"https:\/\/airafisioterapia.com\/ca\/wp-json\/wp\/v2\/tags?post=1800"}],"curies":[{"name":"wp","href":"https:\/\/api.w.org\/{rel}","templated":true}]}}