{"id":1070,"date":"2026-08-01T00:51:21","date_gmt":"2026-08-01T00:51:21","guid":{"rendered":"https:\/\/airafisioterapia.com\/dolor-de-cuello-cervicales\/"},"modified":"2026-08-03T17:11:41","modified_gmt":"2026-08-03T17:11:41","slug":"dolor-de-cuello-cervicales","status":"publish","type":"post","link":"https:\/\/airafisioterapia.com\/ca\/dolor-de-cuello-cervicales\/","title":{"rendered":"Dolor de cuello: por qu\u00e9 no es culpa de tu postura"},"content":{"rendered":"<p>Te duele el cuello desde hace semanas. Alguien te ha dicho que es de mirar el m\u00f3vil, otro que tienes la cabeza adelantada, y en una radiograf\u00eda te han visto &laquo;rectificaci\u00f3n cervical&raquo;. Con eso ya tienes tres culpables y ninguna soluci\u00f3n.<\/p>\n<p>La evidencia de los \u00faltimos a\u00f1os ha desmontado buena parte de ese relato. Y lo que queda en pie es m\u00e1s simple y m\u00e1s esperanzador.<\/p>\n<h2>Cu\u00e1nta gente lo tiene<\/h2>\n<div class=\"aira-img-mini\">\n<div class=\"aira-marco\"><img loading=\"lazy\" src=\"https:\/\/airafisioterapia.com\/wp-content\/uploads\/2026\/08\/aira-b17-dolor-cuello.jpg\" alt=\"Almohada cervical sobre ropa de cama de lino, dolor de cuello y cervicales\" width=\"580\" height=\"580\" decoding=\"async\"><\/div>\n<\/div>\n<p>Mucha. El estudio Global Burden of Disease calcul\u00f3 que en 2020 hab\u00eda <strong>203 millones de personas con dolor de cuello en el mundo<\/strong>, con m\u00e1s frecuencia en mujeres y un pico entre los 45 y los 74 a\u00f1os. Se proyectan 269 millones para 2050.<\/p>\n<p>Es, junto con la espalda baja, uno de los grandes problemas musculoesquel\u00e9ticos de nuestro tiempo. Y como todo lo muy frecuente, arrastra explicaciones muy repetidas y poco comprobadas.<\/p>\n<h2>El &laquo;text neck&raquo;: la creencia que no se sostiene<\/h2>\n<p>La idea es intuitiva: si inclinas la cabeza sobre el m\u00f3vil, el cuello sufre y acaba doliendo. El problema es que casi todos los estudios que la respaldan son <strong>transversales<\/strong>, es decir, miden postura y dolor a la vez. Y eso no distingue si la postura caus\u00f3 el dolor o si el dolor cambi\u00f3 la postura.<\/p>\n<p>Cuando alguien lo hizo bien, el resultado fue distinto. Un estudio sigui\u00f3 durante <strong>doce meses a 457 personas sin dolor de cuello<\/strong> y midi\u00f3 su \u00e1ngulo de flexi\u00f3n cervical con el m\u00f3vil. El \u00e1ngulo <strong>no predijo nada<\/strong>. Lo que s\u00ed predijo la aparici\u00f3n de dolor fue la <strong>mala calidad del sue\u00f1o<\/strong> i la <strong>falta de actividad f\u00edsica<\/strong>.<\/p>\n<p>Un matiz para ser justos: s\u00ed hay estudios que relacionan el <em>tiempo<\/em> de uso del m\u00f3vil con el dolor cervical. Pero eso apunta a las horas de inmovilidad, no a la forma de colocar la cabeza. Y en adolescentes, la relaci\u00f3n entre postura y dolor desaparece incluso en los estudios transversales.<\/p>\n<h2>La rectificaci\u00f3n cervical en la radiograf\u00eda<\/h2>\n<p>Es uno de los hallazgos que m\u00e1s ansiedad genera y menos informaci\u00f3n aporta. Lo que s\u00ed est\u00e1 documentado es hasta qu\u00e9 punto las pruebas de imagen encuentran &laquo;alteraciones&raquo; en personas que no tienen ning\u00fan s\u00edntoma: en un estudio con <strong>1.211 voluntarios sin dolor<\/strong>, el <strong>87,6&nbsp;% ten\u00eda protrusiones discales<\/strong> cervicales, y ya en la veintena las ten\u00eda tres de cada cuatro.<\/p>\n<p>Por eso la gu\u00eda cl\u00ednica alemana de cervicalgia inespec\u00edfica recomienda <strong>no hacer pruebas de imagen<\/strong> en un dolor de cuello agudo sin se\u00f1ales de alarma. Encontrar algo es casi seguro; que ese algo explique tu dolor, mucho menos.<\/p>\n<div class=\"aira-nota\">\n<p><strong>Que la causa no sea la postura no significa que no haya nada que hacer.<\/strong> Al contrario: significa que el trabajo va por otro lado &mdash; tolerancia a la carga, fuerza, movilidad y h\u00e1bitos como el sue\u00f1o y la actividad. Es como lo abordamos en <a href=\"\/ca\/fisioterapia\/fisioterapia-musculoesqueletica\/\">fisioterapia musculoesquel\u00e9tica<\/a>.<\/p>\n<\/div>\n<h2>Qu\u00e9 funciona<\/h2>\n<p>La gu\u00eda alemana sit\u00faa el eje del tratamiento en la <strong>activaci\u00f3n y el ejercicio<\/strong>, con tama\u00f1os de efecto superiores a 1,0, y da un peso considerable a la <strong>educaci\u00f3n del paciente<\/strong> por s\u00ed sola. Los analg\u00e9sicos aparecen con efecto menor y solo a corto plazo.<\/p>\n<p>Sobre la <strong>terapia manual<\/strong> conviene ser transparente. Las revisiones recientes encuentran que la manipulaci\u00f3n cervical puede reducir el dolor, pero con una certeza calificada de <strong>muy baja<\/strong>; y las t\u00e9cnicas de movilizaci\u00f3n articular muestran efectos <strong>por debajo del umbral que se considera cl\u00ednicamente relevante<\/strong>. Ayuda a algunas personas y puede tener sentido como acompa\u00f1amiento, pero no es el tratamiento.<\/p>\n<p>Sobre el riesgo de la manipulaci\u00f3n cervical: se han descrito eventos adversos graves, sobre todo vasculares, casi siempre tras manipulaci\u00f3n y en las 48 horas siguientes. Los datos vienen de series de casos, as\u00ed que <strong>describen la gravedad pero no permiten calcular la probabilidad<\/strong>. Es informaci\u00f3n que uno merece tener antes de decidir.<\/p>\n<h2>&iquest;Y la almohada cervical?<\/h2>\n<p>La revisi\u00f3n disponible reuni\u00f3 solo <strong>cinco estudios y 239 personas<\/strong>, y no encontr\u00f3 diferencias significativas ni en dolor ni en calidad del sue\u00f1o, ni superioridad de ning\u00fan material. Traducido: <strong>no hay pruebas de que una almohada concreta sea mejor<\/strong>. Eso no es lo mismo que decir que da igual c\u00f3mo duermas; es que no hay datos para recomendarte un modelo.<\/p>\n<h2>Cu\u00e1ndo consultar sin esperar<\/h2>\n<p>Si hay <strong>p\u00e9rdida de fuerza o adormecimiento en el brazo o la mano<\/strong>, dolor tras un accidente o una ca\u00edda, fiebre, p\u00e9rdida de peso sin explicaci\u00f3n, dificultad para tragar o hablar, mareo intenso con alteraci\u00f3n de la visi\u00f3n, o un dolor de cabeza brusco y distinto a todos los anteriores.<\/p>\n<h2>Lo que solemos decir en consulta<\/h2>\n<p>Que sentarse recto no es la soluci\u00f3n y que la mejor postura es la siguiente. Que el cuello se protege movi\u00e9ndolo y fortaleci\u00e9ndolo, no inmoviliz\u00e1ndolo. Que dormir mal y no moverse pesan m\u00e1s de lo que parece. Y que un hallazgo en una radiograf\u00eda casi nunca es la respuesta que est\u00e1s buscando.<\/p>\n<div class=\"aira-post-cta\">\n<p class=\"t\">\u00bfLlevas semanas con el cuello cargado y no mejora?<\/p>\n<p class=\"s\">Valoramos movilidad, fuerza y qu\u00e9 actividades te limitan, y trabajamos con ejercicio progresivo y explicaci\u00f3n clara. Sin culpar a tu postura.<\/p>\n<p><a href=\"\/ca\/fisioterapia\/fisioterapia-musculoesqueletica\/\">Ver fisioterapia musculoesquel\u00e9tica<\/a><\/p>\n<\/div>\n<div class=\"aira-ref\">\n<h2>Referencias<\/h2>\n<ol>\n<li>GBD 2021 Neck Pain Collaborators. Global, regional, and national burden of neck pain, 1990&ndash;2020, and projections to 2050. <em>The Lancet Rheumatology<\/em>. 2024;6(3):e142&ndash;e155.<\/li>\n<li>El-Allawy A, Hecht N, Luedtke K, et al. Clinical practice guideline: nonspecific neck pain. <em>Deutsches &Auml;rzteblatt International<\/em>. 2025;122(20):552&ndash;557.<\/li>\n<li>Correia IMT, Ferreira AS, Gomes JFM, Reis FJJ, Nogueira LAC, Meziat-Filho N. Cervical flexion posture during smartphone use was not a risk factor for neck pain, but low sleep quality and insufficient levels of physical activity were: a longitudinal investigation. <em>Brazilian Journal of Physical Therapy<\/em>. 2025;29:101258.<\/li>\n<li>Mahmoud NF, Hassan KA, Abdelmajeed SF, Moustafa IM, Silva AG. The relationship between forward head posture and neck pain: a systematic review and meta-analysis. <em>Current Reviews in Musculoskeletal Medicine<\/em>. 2019;12(4):562&ndash;577.<\/li>\n<li>Nakashima H, Yukawa Y, Suda K, Yamagata M, Ueta T, Kato F. Abnormal findings on magnetic resonance images of the cervical spines in 1211 asymptomatic subjects. <em>Spine<\/em>. 2015;40(6):392&ndash;398.<\/li>\n<li>Minnucci S, Innocenti T, Salvioli S, et al. Benefits and harms of spinal manipulative therapy for treating recent and persistent nonspecific neck pain: a systematic review with meta-analysis. <em>Journal of Orthopaedic &amp; Sports Physical Therapy<\/em>. 2023;53(9):510&ndash;528.<\/li>\n<li>Benetton A, Battista S, Bertoni G, Rossettini G, Falsiroli Maistrello L. Effectiveness of manual joint mobilization techniques in the treatment of nonspecific neck pain. <em>Journal of Orthopaedic &amp; Sports Physical Therapy<\/em>. 2025;55(3):173&ndash;192.<\/li>\n<li>Leung BPK, Treleaven J, Dinsdale A, Marsh L, Thomas L. Serious adverse events associated with conservative physical procedures directed towards the cervical spine: a systematic review. <em>Journal of Bodywork and Movement Therapies<\/em>. 2024;41:56&ndash;77.<\/li>\n<li>Ghosh SK, Goyal M, Goyal KS. Effect of pillow on pain, disability and sleep quality in patients with chronic neck pain: a systematic review. <em>Rehabilitaci&oacute;n (Madrid)<\/em>. 2025;59(3):100922.<\/li>\n<\/ol>\n<\/div>","protected":false},"excerpt":{"rendered":"<p>Qu\u00e9 sabemos del dolor cervical: si la postura y el m\u00f3vil lo causan, qu\u00e9 significa una rectificaci\u00f3n en la radiograf\u00eda y qu\u00e9 tratamientos tienen respaldo.<\/p>","protected":false},"author":1,"featured_media":1105,"comment_status":"closed","ping_status":"closed","sticky":false,"template":"","format":"standard","meta":{"site-sidebar-layout":"default","site-content-layout":"","ast-site-content-layout":"default","site-content-style":"default","site-sidebar-style":"default","ast-global-header-display":"","ast-banner-title-visibility":"","ast-main-header-display":"","ast-hfb-above-header-display":"","ast-hfb-below-header-display":"","ast-hfb-mobile-header-display":"","site-post-title":"","ast-breadcrumbs-content":"","ast-featured-img":"","footer-sml-layout":"","ast-disable-related-posts":"","theme-transparent-header-meta":"","adv-header-id-meta":"","stick-header-meta":"","header-above-stick-meta":"","header-main-stick-meta":"","header-below-stick-meta":"","astra-migrate-meta-layouts":"default","ast-page-background-enabled":"default","ast-page-background-meta":{"desktop":{"background-color":"var(--ast-global-color-5)","background-image":"","background-repeat":"repeat","background-position":"center center","background-size":"auto","background-attachment":"scroll","background-type":"","background-media":"","overlay-type":"","overlay-color":"","overlay-opacity":"","overlay-gradient":""},"tablet":{"background-color":"","background-image":"","background-repeat":"repeat","background-position":"center center","background-size":"auto","background-attachment":"scroll","background-type":"","background-media":"","overlay-type":"","overlay-color":"","overlay-opacity":"","overlay-gradient":""},"mobile":{"background-color":"","background-image":"","background-repeat":"repeat","background-position":"center center","background-size":"auto","background-attachment":"scroll","background-type":"","background-media":"","overlay-type":"","overlay-color":"","overlay-opacity":"","overlay-gradient":""}},"ast-content-background-meta":{"desktop":{"background-color":"var(--ast-global-color-4)","background-image":"","background-repeat":"repeat","background-position":"center center","background-size":"auto","background-attachment":"scroll","background-type":"","background-media":"","overlay-type":"","overlay-color":"","overlay-opacity":"","overlay-gradient":""},"tablet":{"background-color":"var(--ast-global-color-4)","background-image":"","background-repeat":"repeat","background-position":"center center","background-size":"auto","background-attachment":"scroll","background-type":"","background-media":"","overlay-type":"","overlay-color":"","overlay-opacity":"","overlay-gradient":""},"mobile":{"background-color":"var(--ast-global-color-4)","background-image":"","background-repeat":"repeat","background-position":"center center","background-size":"auto","background-attachment":"scroll","background-type":"","background-media":"","overlay-type":"","overlay-color":"","overlay-opacity":"","overlay-gradient":""}},"footnotes":""},"categories":[12],"tags":[],"class_list":["post-1070","post","type-post","status-publish","format-standard","has-post-thumbnail","hentry","category-dolor-y-lesiones"],"_links":{"self":[{"href":"https:\/\/airafisioterapia.com\/ca\/wp-json\/wp\/v2\/posts\/1070","targetHints":{"allow":["GET"]}}],"collection":[{"href":"https:\/\/airafisioterapia.com\/ca\/wp-json\/wp\/v2\/posts"}],"about":[{"href":"https:\/\/airafisioterapia.com\/ca\/wp-json\/wp\/v2\/types\/post"}],"author":[{"embeddable":true,"href":"https:\/\/airafisioterapia.com\/ca\/wp-json\/wp\/v2\/users\/1"}],"replies":[{"embeddable":true,"href":"https:\/\/airafisioterapia.com\/ca\/wp-json\/wp\/v2\/comments?post=1070"}],"version-history":[{"count":2,"href":"https:\/\/airafisioterapia.com\/ca\/wp-json\/wp\/v2\/posts\/1070\/revisions"}],"predecessor-version":[{"id":1357,"href":"https:\/\/airafisioterapia.com\/ca\/wp-json\/wp\/v2\/posts\/1070\/revisions\/1357"}],"wp:featuredmedia":[{"embeddable":true,"href":"https:\/\/airafisioterapia.com\/ca\/wp-json\/wp\/v2\/media\/1105"}],"wp:attachment":[{"href":"https:\/\/airafisioterapia.com\/ca\/wp-json\/wp\/v2\/media?parent=1070"}],"wp:term":[{"taxonomy":"category","embeddable":true,"href":"https:\/\/airafisioterapia.com\/ca\/wp-json\/wp\/v2\/categories?post=1070"},{"taxonomy":"post_tag","embeddable":true,"href":"https:\/\/airafisioterapia.com\/ca\/wp-json\/wp\/v2\/tags?post=1070"}],"curies":[{"name":"wp","href":"https:\/\/api.w.org\/{rel}","templated":true}]}}