{"id":1005,"date":"2026-07-31T11:59:09","date_gmt":"2026-07-31T11:59:09","guid":{"rendered":"https:\/\/airafisioterapia.com\/catarros-repeticion-guarderia\/"},"modified":"2026-08-31T15:12:32","modified_gmt":"2026-08-31T15:12:32","slug":"catarros-repeticion-guarderia","status":"publish","type":"post","link":"https:\/\/airafisioterapia.com\/ca\/catarros-repeticion-guarderia\/","title":{"rendered":"Catarros de repetici\u00f3n en la guarder\u00eda: cu\u00e1ntos son normales"},"content":{"rendered":"<p>Entr\u00f3 en la guarder\u00eda en septiembre y desde entonces no ha estado sano una semana entera. Mocos, tos, otra vez mocos, una fiebre, tres d\u00edas bien, y vuelta a empezar. Ya has o\u00eddo aquello de \u00abes normal, es que est\u00e1n haciendo defensas\u00bb, pero cuando llevas cinco meses as\u00ed, \u00abnormal\u00bb se te queda corto.<\/p>\n<h2>Cu\u00e1ntos catarros son normales<\/h2>\n<p>Un ni\u00f1o peque\u00f1o que va a la guarder\u00eda puede encadenar entre seis y diez infecciones respiratorias al a\u00f1o, concentradas casi todas entre octubre y marzo. Si cada una dura de siete a diez d\u00edas y encima se solapan, la sensaci\u00f3n de estar enfermo todo el invierno no es una exageraci\u00f3n tuya: es aritm\u00e9tica.<\/p>\n<p>Lo que orienta a que todo va bien no es el n\u00famero, sino c\u00f3mo est\u00e1 el ni\u00f1o <strong>entre catarro y catarro<\/strong>: si recupera, come, juega, gana peso y crece con normalidad. Ese es el term\u00f3metro real.<\/p>\n<h2>Lo que dice el estudio sobre la guarder\u00eda<\/h2>\n<p>Un estudio de cohorte holand\u00e9s sigui\u00f3 a ni\u00f1os desde el nacimiento hasta los seis a\u00f1os para ver qu\u00e9 pasaba con las infecciones respiratorias seg\u00fan hubieran ido o no a la guarder\u00eda en el primer a\u00f1o. El resultado es interesante y tranquilizador a medias.<\/p>\n<p>Los ni\u00f1os que empezaron pronto en la guarder\u00eda tuvieron infecciones <strong>antes<\/strong>, pero al llegar a los seis a\u00f1os el n\u00famero total de infecciones era pr\u00e1cticamente el mismo en unos y en otros. Es decir: la guarder\u00eda no multiplica los catarros de la infancia, <strong>los adelanta<\/strong>. Los pasas ahora en vez de a los cinco a\u00f1os.<\/p>\n<p>La contrapartida es que se concentran en la etapa en la que peor se llevan y m\u00e1s consultas generan: el mismo estudio encontr\u00f3 un 15% m\u00e1s de visitas al m\u00e9dico de familia y un 32% m\u00e1s de prescripciones de antibi\u00f3tico entre los que entraron en la guarder\u00eda entre los seis y los doce meses.<\/p>\n<h2>Qu\u00e9 ayuda de verdad en casa<\/h2>\n<div class=\"aira-img-mini\">\n<div class=\"aira-marco\"><img loading=\"lazy\" src=\"https:\/\/airafisioterapia.com\/wp-content\/uploads\/2026\/08\/aira-b04-catarros-guarderia.jpg\" alt=\"Fiambrera y taza infantil, catarros de repetici\u00f3n en la guarder\u00eda\" width=\"580\" height=\"580\" decoding=\"async\"><\/div>\n<\/div>\n<p>Lo primero, y lo m\u00e1s aburrido: <strong>los lavados nasales<\/strong>. Una revisi\u00f3n Cochrane sobre irrigaci\u00f3n nasal con suero en infecciones respiratorias agudas concluye que probablemente ayuda a aliviar los s\u00edntomas, y el ensayo pedi\u00e1trico m\u00e1s grande incluido encontr\u00f3 menos secreci\u00f3n y menos obstrucci\u00f3n nasal en los ni\u00f1os tratados. La certeza de la evidencia no es alta, pero es lo mejor que tenemos y no tiene riesgo.<\/p>\n<p>La t\u00e9cnica importa m\u00e1s que el producto: con el ni\u00f1o de lado, un chorro decidido y suficiente cantidad, no unas gotitas t\u00edmidas. Un lavado bien hecho antes de comer y antes de dormir cambia la noche. Uno mal hecho solo consigue que el ni\u00f1o odie el suero.<\/p>\n<div class=\"aira-nota\">\n<p><strong>\u00bfNo acabas de ver claro c\u00f3mo hacer el lavado nasal?<\/strong> Es de las primeras cosas que ense\u00f1amos en consulta, con el peque delante y practicando vosotros. Suele ser lo que m\u00e1s cambia las noches. Lo trabajamos en <a href=\"\/ca\/fisioterapia\/fisioterapia-respiratoria-infantil\/\">fisioterapia respiratoria infantil<\/a>.<\/p>\n<\/div>\n<p>Despu\u00e9s, lo dem\u00e1s: hidrataci\u00f3n, ambiente sin humo de tabaco, lavado de manos y, cuando est\u00e9 con secreciones, dormir con la cabecera algo elevada.<\/p>\n<h2>\u00bfY la fisioterapia respiratoria?<\/h2>\n<p>Aqu\u00ed hay que separar dos escenarios, y es donde m\u00e1s confusi\u00f3n existe.<\/p>\n<p>En un <strong>catarro agudo o una bronquiolitis<\/strong>, la fisioterapia respiratoria no acorta el proceso. La revisi\u00f3n Cochrane sobre bronquiolitis, con 17 ensayos y 1.679 lactantes, no encontr\u00f3 beneficio de las t\u00e9cnicas convencionales, y hall\u00f3 evidencia de alta certeza de que las t\u00e9cnicas espiratorias forzadas no mejoran el estado de salud y adem\u00e1s pueden provocar efectos adversos. Si tu hijo tiene un catarro de tres d\u00edas, lo que necesita es suero y paciencia.<\/p>\n<p>Distinto es el ni\u00f1o que <strong>no acaba de limpiar entre episodio y episodio<\/strong>: el que arrastra secreciones de forma mantenida, el que encadena bronquitis, el que tose por la noche durante semanas despu\u00e9s de que el virus se haya ido. Ah\u00ed s\u00ed tiene sentido valorar, porque el problema ya no es el virus, es el manejo de las secreciones.<\/p>\n<p>Puedes leerlo con m\u00e1s detalle en <a href=\"\/ca\/fisioterapia-respiratoria-bebes-evidencia\/\">este art\u00edculo sobre la evidencia en fisioterapia respiratoria<\/a>, y ver c\u00f3mo son las sesiones en <a href=\"\/ca\/fisioterapia\/fisioterapia-respiratoria-infantil\/\">fisioterapia respiratoria infantil<\/a>.<\/p>\n<h2>Cu\u00e1ndo dejar de asumir que es normal<\/h2>\n<p>Habla con tu pediatra si ves alguna de estas cosas:<\/p>\n<ul>\n<li>Que <strong>no recupere del todo entre catarro y catarro<\/strong>: siempre con tos, siempre cansado.<\/li>\n<li>Que <strong>deje de ganar peso<\/strong> o pierda ritmo de crecimiento.<\/li>\n<li>Neumon\u00edas o bronquitis <strong>de repetici\u00f3n<\/strong>, o varias tandas de antibi\u00f3tico en pocos meses.<\/li>\n<li>Tos que dura <strong>m\u00e1s de cuatro semanas<\/strong> despu\u00e9s de un catarro.<\/li>\n<li>Pitidos al respirar que se repiten episodio tras episodio.<\/li>\n<li>Dificultad para respirar, hundimiento entre las costillas, respiraci\u00f3n muy r\u00e1pida o labios azulados: eso es urgencias, no consulta.<\/li>\n<\/ul>\n<p>Y una cosa m\u00e1s, porque tambi\u00e9n cuenta: si el invierno os est\u00e1 pasando por encima como familia, decirlo en la consulta no es quejarse. Es informaci\u00f3n \u00fatil.<\/p>\n<div class=\"aira-post-cta\">\n<p class=\"t\">\u00bfTu peque no acaba de limpiar entre catarro y catarro?<\/p>\n<p class=\"s\">Valoramos si detr\u00e1s hay un problema de manejo de secreciones o si simplemente hay que dejar pasar el virus. Y te lo decimos con franqueza.<\/p>\n<p><a href=\"\/ca\/fisioterapia\/fisioterapia-respiratoria-infantil\/\">Ver fisioterapia respiratoria infantil<\/a><\/p>\n<\/div>\n<p>Y si lo que necesitas es que alguien te ense\u00f1e a hacer bien los lavados nasales, eso se aprende perfectamente por <a href=\"\/ca\/fisioterapia\/fisioterapia-pediatrica\/asesoria-online\/\">videollamada<\/a>.<\/p>\n<div class=\"aira-ref\">\n<h2>Referencias<\/h2>\n<ol>\n<li>de Hoog MLA, Venekamp RP, van der Ent CK, et al. <em>Impact of early daycare on healthcare resource use related to upper respiratory tract infections during childhood: prospective WHISTLER cohort study<\/em>. BMC Medicine. 2014;12:107. <a href=\"https:\/\/doi.org\/10.1186\/1741-7015-12-107\" target=\"_blank\" rel=\"noopener nofollow\">doi.org\/10.1186\/1741-7015-12-107<\/a><\/li>\n<li>King D, Mitchell B, Williams CP, Spurling GKP. <em>Saline nasal irrigation for acute upper respiratory tract infections<\/em>. Cochrane Database of Systematic Reviews 2015, Issue 4. Art. No.: CD006821. <a href=\"https:\/\/doi.org\/10.1002\/14651858.CD006821.pub3\" target=\"_blank\" rel=\"noopener nofollow\">doi.org\/10.1002\/14651858.CD006821.pub3<\/a><\/li>\n<li>Roqu\u00e9-Figuls M, Gin\u00e9-Garriga M, Granados Rugeles C, Perrotta C, Vilar\u00f3 J. <em>Chest physiotherapy for acute bronchiolitis in paediatric patients between 0 and 24 months old<\/em>. Cochrane Database of Systematic Reviews 2023, Issue 4. Art. No.: CD004873. <a href=\"https:\/\/doi.org\/10.1002\/14651858.CD004873.pub6\" target=\"_blank\" rel=\"noopener nofollow\">doi.org\/10.1002\/14651858.CD004873.pub6<\/a><\/li>\n<\/ol>\n<\/div>","protected":false},"excerpt":{"rendered":"<p>Cu\u00e1ntas infecciones respiratorias al a\u00f1o son esperables, qu\u00e9 dice el estudio WHISTLER sobre la guarder\u00eda, qu\u00e9 ayuda de verdad en casa y cu\u00e1ndo la fisioterapia respiratoria aporta algo.<\/p>","protected":false},"author":1,"featured_media":1119,"comment_status":"closed","ping_status":"closed","sticky":false,"template":"","format":"standard","meta":{"site-sidebar-layout":"default","site-content-layout":"","ast-site-content-layout":"default","site-content-style":"default","site-sidebar-style":"default","ast-global-header-display":"","ast-banner-title-visibility":"","ast-main-header-display":"","ast-hfb-above-header-display":"","ast-hfb-below-header-display":"","ast-hfb-mobile-header-display":"","site-post-title":"","ast-breadcrumbs-content":"","ast-featured-img":"","footer-sml-layout":"","ast-disable-related-posts":"","theme-transparent-header-meta":"","adv-header-id-meta":"","stick-header-meta":"","header-above-stick-meta":"","header-main-stick-meta":"","header-below-stick-meta":"","astra-migrate-meta-layouts":"default","ast-page-background-enabled":"default","ast-page-background-meta":{"desktop":{"background-color":"var(--ast-global-color-5)","background-image":"","background-repeat":"repeat","background-position":"center center","background-size":"auto","background-attachment":"scroll","background-type":"","background-media":"","overlay-type":"","overlay-color":"","overlay-opacity":"","overlay-gradient":""},"tablet":{"background-color":"","background-image":"","background-repeat":"repeat","background-position":"center center","background-size":"auto","background-attachment":"scroll","background-type":"","background-media":"","overlay-type":"","overlay-color":"","overlay-opacity":"","overlay-gradient":""},"mobile":{"background-color":"","background-image":"","background-repeat":"repeat","background-position":"center center","background-size":"auto","background-attachment":"scroll","background-type":"","background-media":"","overlay-type":"","overlay-color":"","overlay-opacity":"","overlay-gradient":""}},"ast-content-background-meta":{"desktop":{"background-color":"var(--ast-global-color-4)","background-image":"","background-repeat":"repeat","background-position":"center center","background-size":"auto","background-attachment":"scroll","background-type":"","background-media":"","overlay-type":"","overlay-color":"","overlay-opacity":"","overlay-gradient":""},"tablet":{"background-color":"var(--ast-global-color-4)","background-image":"","background-repeat":"repeat","background-position":"center center","background-size":"auto","background-attachment":"scroll","background-type":"","background-media":"","overlay-type":"","overlay-color":"","overlay-opacity":"","overlay-gradient":""},"mobile":{"background-color":"var(--ast-global-color-4)","background-image":"","background-repeat":"repeat","background-position":"center center","background-size":"auto","background-attachment":"scroll","background-type":"","background-media":"","overlay-type":"","overlay-color":"","overlay-opacity":"","overlay-gradient":""}},"footnotes":""},"categories":[13],"tags":[],"class_list":["post-1005","post","type-post","status-publish","format-standard","has-post-thumbnail","hentry","category-pediatria"],"_links":{"self":[{"href":"https:\/\/airafisioterapia.com\/ca\/wp-json\/wp\/v2\/posts\/1005","targetHints":{"allow":["GET"]}}],"collection":[{"href":"https:\/\/airafisioterapia.com\/ca\/wp-json\/wp\/v2\/posts"}],"about":[{"href":"https:\/\/airafisioterapia.com\/ca\/wp-json\/wp\/v2\/types\/post"}],"author":[{"embeddable":true,"href":"https:\/\/airafisioterapia.com\/ca\/wp-json\/wp\/v2\/users\/1"}],"replies":[{"embeddable":true,"href":"https:\/\/airafisioterapia.com\/ca\/wp-json\/wp\/v2\/comments?post=1005"}],"version-history":[{"count":4,"href":"https:\/\/airafisioterapia.com\/ca\/wp-json\/wp\/v2\/posts\/1005\/revisions"}],"predecessor-version":[{"id":1785,"href":"https:\/\/airafisioterapia.com\/ca\/wp-json\/wp\/v2\/posts\/1005\/revisions\/1785"}],"wp:featuredmedia":[{"embeddable":true,"href":"https:\/\/airafisioterapia.com\/ca\/wp-json\/wp\/v2\/media\/1119"}],"wp:attachment":[{"href":"https:\/\/airafisioterapia.com\/ca\/wp-json\/wp\/v2\/media?parent=1005"}],"wp:term":[{"taxonomy":"category","embeddable":true,"href":"https:\/\/airafisioterapia.com\/ca\/wp-json\/wp\/v2\/categories?post=1005"},{"taxonomy":"post_tag","embeddable":true,"href":"https:\/\/airafisioterapia.com\/ca\/wp-json\/wp\/v2\/tags?post=1005"}],"curies":[{"name":"wp","href":"https:\/\/api.w.org\/{rel}","templated":true}]}}